{"id":6902,"date":"2022-09-08T17:57:17","date_gmt":"2022-09-08T15:57:17","guid":{"rendered":"https:\/\/www.proarti.fr\/services\/?p=6902"},"modified":"2022-09-08T17:57:17","modified_gmt":"2022-09-08T15:57:17","slug":"soyons-fous","status":"publish","type":"post","link":"https:\/\/www.proarti.fr\/services\/soyons-fous\/","title":{"rendered":"Soyons fous"},"content":{"rendered":"\t\t<div data-elementor-type=\"wp-post\" data-elementor-id=\"6902\" class=\"elementor elementor-6902\" data-elementor-post-type=\"post\">\n\t\t\t\t\t\t<section class=\"elementor-section elementor-top-section elementor-element elementor-element-5cc2620a elementor-section-content-middle elementor-section-boxed elementor-section-height-default elementor-section-height-default\" data-id=\"5cc2620a\" data-element_type=\"section\" data-e-type=\"section\">\n\t\t\t\t\t\t<div class=\"elementor-container elementor-column-gap-no\">\n\t\t\t\t\t<div class=\"elementor-column elementor-col-50 elementor-top-column elementor-element elementor-element-273162dd\" data-id=\"273162dd\" data-element_type=\"column\" data-e-type=\"column\">\n\t\t\t<div class=\"elementor-widget-wrap elementor-element-populated\">\n\t\t\t\t\t\t<div class=\"elementor-element elementor-element-1750117c elementor-widget elementor-widget-image\" data-id=\"1750117c\" data-element_type=\"widget\" data-e-type=\"widget\" data-widget_type=\"image.default\">\n\t\t\t\t<div class=\"elementor-widget-container\">\n\t\t\t\t\t\t\t\t\t\t\t\t\t\t\t<img decoding=\"async\" src=\"https:\/\/www.proarti.fr\/services\/wp-content\/uploads\/2022\/03\/Soyons-fous.png\" title=\"\" alt=\"\" loading=\"lazy\" \/>\t\t\t\t\t\t\t\t\t\t\t\t\t\t\t<\/div>\n\t\t\t\t<\/div>\n\t\t\t\t\t<\/div>\n\t\t<\/div>\n\t\t\t\t<div class=\"elementor-column elementor-col-50 elementor-top-column elementor-element elementor-element-5c262e7c\" data-id=\"5c262e7c\" data-element_type=\"column\" data-e-type=\"column\">\n\t\t\t<div class=\"elementor-widget-wrap elementor-element-populated\">\n\t\t\t\t\t\t<div class=\"elementor-element elementor-element-448508be elementor-widget elementor-widget-text-editor\" data-id=\"448508be\" data-element_type=\"widget\" data-e-type=\"widget\" data-widget_type=\"text-editor.default\">\n\t\t\t\t<div class=\"elementor-widget-container\">\n\t\t\t\t\t\t\t\t\t<p class=\"font_8\" style=\"caret-color: rgb(0, 0, 0); color: rgb(var(--color_15)); font: var(--font_8); font-size: 16px; text-transform: none; pointer-events: auto; line-height: normal;\"><span style=\"font-family: lato-light, lato, sans-serif;\">\u00ab Sait-on quels sont les sages et quels sont les fous, dans cette vie ou\u0300 la raison devrait souvent s&#8217;appeler sottise et la folie s&#8217;appeler ge\u0301nie ? \u00bb<\/span><\/p><p class=\"font_8\" style=\"caret-color: rgb(0, 0, 0); color: rgb(var(--color_15)); font: var(--font_8); font-size: 16px; text-transform: none; pointer-events: auto; line-height: normal;\"><span style=\"font-family: lato-light, lato, sans-serif;\">Guy de Maupassant<\/span><\/p>\t\t\t\t\t\t\t\t<\/div>\n\t\t\t\t<\/div>\n\t\t\t\t<div class=\"elementor-element elementor-element-5ea0b0da elementor-widget elementor-widget-heading\" data-id=\"5ea0b0da\" data-element_type=\"widget\" data-e-type=\"widget\" data-widget_type=\"heading.default\">\n\t\t\t\t<div class=\"elementor-widget-container\">\n\t\t\t\t\t<h3 class=\"elementor-heading-title elementor-size-default\">Documentarie<\/h3>\t\t\t\t<\/div>\n\t\t\t\t<\/div>\n\t\t\t\t<div class=\"elementor-element elementor-element-b756aa9 elementor-widget elementor-widget-button\" data-id=\"b756aa9\" data-element_type=\"widget\" data-e-type=\"widget\" data-widget_type=\"button.default\">\n\t\t\t\t<div class=\"elementor-widget-container\">\n\t\t\t\t\t\t\t\t\t<div class=\"elementor-button-wrapper\">\n\t\t\t\t\t<a class=\"elementor-button elementor-button-link elementor-size-sm\" href=\"mailto:contact@proarti.org\" target=\"_blank\">\n\t\t\t\t\t\t<span class=\"elementor-button-content-wrapper\">\n\t\t\t\t\t\t\t\t\t<span class=\"elementor-button-text\">Soutenir<\/span>\n\t\t\t\t\t<\/span>\n\t\t\t\t\t<\/a>\n\t\t\t\t<\/div>\n\t\t\t\t\t\t\t\t<\/div>\n\t\t\t\t<\/div>\n\t\t\t\t<div class=\"elementor-element elementor-element-5fc8f96e elementor-position-inline-start elementor-view-default elementor-mobile-position-block-start elementor-widget elementor-widget-icon-box\" data-id=\"5fc8f96e\" data-element_type=\"widget\" data-e-type=\"widget\" data-widget_type=\"icon-box.default\">\n\t\t\t\t<div class=\"elementor-widget-container\">\n\t\t\t\t\t\t\t<div class=\"elementor-icon-box-wrapper\">\n\n\t\t\t\t\t\t<div class=\"elementor-icon-box-icon\">\n\t\t\t\t<span  class=\"elementor-icon\">\n\t\t\t\t<i aria-hidden=\"true\" class=\"fas fa-grip-lines\"><\/i>\t\t\t\t<\/span>\n\t\t\t<\/div>\n\t\t\t\n\t\t\t\t\t\t<div class=\"elementor-icon-box-content\">\n\n\t\t\t\t\t\t\t\t\t<h3 class=\"elementor-icon-box-title\">\n\t\t\t\t\t\t<span  >\n\t\t\t\t\t\t\tr\u00e9alisation\t\t\t\t\t\t<\/span>\n\t\t\t\t\t<\/h3>\n\t\t\t\t\n\t\t\t\t\t\t\t\t\t<p class=\"elementor-icon-box-description\">\n\t\t\t\t\t\t<b>Quentin PEREZ<\/b>\t\t\t\t\t<\/p>\n\t\t\t\t\n\t\t\t<\/div>\n\t\t\t\n\t\t<\/div>\n\t\t\t\t\t\t<\/div>\n\t\t\t\t<\/div>\n\t\t\t\t<div class=\"elementor-element elementor-element-243bc258 elementor-position-inline-start elementor-view-default elementor-mobile-position-block-start elementor-widget elementor-widget-icon-box\" data-id=\"243bc258\" data-element_type=\"widget\" data-e-type=\"widget\" data-widget_type=\"icon-box.default\">\n\t\t\t\t<div class=\"elementor-widget-container\">\n\t\t\t\t\t\t\t<div class=\"elementor-icon-box-wrapper\">\n\n\t\t\t\t\t\t<div class=\"elementor-icon-box-icon\">\n\t\t\t\t<span  class=\"elementor-icon\">\n\t\t\t\t<i aria-hidden=\"true\" class=\"fas fa-grip-lines\"><\/i>\t\t\t\t<\/span>\n\t\t\t<\/div>\n\t\t\t\n\t\t\t\t\t\t<div class=\"elementor-icon-box-content\">\n\n\t\t\t\t\t\t\t\t\t<h3 class=\"elementor-icon-box-title\">\n\t\t\t\t\t\t<span  >\n\t\t\t\t\t\t\tSynopsis\t\t\t\t\t\t<\/span>\n\t\t\t\t\t<\/h3>\n\t\t\t\t\n\t\t\t\t\t\t\t\t\t<p class=\"elementor-icon-box-description\">\n\t\t\t\t\t\t<b>Apr\u00e8s avoir \u00e9t\u00e9 form\u00e9es par de grands talents du cin\u00e9ma, des personnes ayant des troubles psychiques se lancent dans une aventure rocambolesque :\nla r\u00e9alisation d\u2019un western.<\/b>\t\t\t\t\t<\/p>\n\t\t\t\t\n\t\t\t<\/div>\n\t\t\t\n\t\t<\/div>\n\t\t\t\t\t\t<\/div>\n\t\t\t\t<\/div>\n\t\t\t\t<div class=\"elementor-element elementor-element-db7ac3f elementor-position-inline-start elementor-view-default elementor-mobile-position-block-start elementor-widget elementor-widget-icon-box\" data-id=\"db7ac3f\" data-element_type=\"widget\" data-e-type=\"widget\" data-widget_type=\"icon-box.default\">\n\t\t\t\t<div class=\"elementor-widget-container\">\n\t\t\t\t\t\t\t<div class=\"elementor-icon-box-wrapper\">\n\n\t\t\t\t\t\t<div class=\"elementor-icon-box-icon\">\n\t\t\t\t<span  class=\"elementor-icon\">\n\t\t\t\t<i aria-hidden=\"true\" class=\"fas fa-grip-lines\"><\/i>\t\t\t\t<\/span>\n\t\t\t<\/div>\n\t\t\t\n\t\t\t\t\t\t<div class=\"elementor-icon-box-content\">\n\n\t\t\t\t\t\t\t\t\t<h3 class=\"elementor-icon-box-title\">\n\t\t\t\t\t\t<span  >\n\t\t\t\t\t\t\tAutres\t\t\t\t\t\t<\/span>\n\t\t\t\t\t<\/h3>\n\t\t\t\t\n\t\t\t\t\t\t\t\t\t<p class=\"elementor-icon-box-description\">\n\t\t\t\t\t\t<b>Production : Beyond Productions <br>\nDistribution : Jour 2 f\u00eate <br>\nDiffusion : \u00e0 venir <br>\nBudget : 930 000 \u20ac <br>\nDate de tournage : Du 28 juin au 10 octobre 2021 <br>\nDate pr\u00e9visionnelle de sortie : Deuxi\u00e8me trimestre 2022<\/b>\t\t\t\t\t<\/p>\n\t\t\t\t\n\t\t\t<\/div>\n\t\t\t\n\t\t<\/div>\n\t\t\t\t\t\t<\/div>\n\t\t\t\t<\/div>\n\t\t\t\t<div class=\"elementor-element elementor-element-fe458c0 elementor-widget elementor-widget-button\" data-id=\"fe458c0\" data-element_type=\"widget\" data-e-type=\"widget\" data-widget_type=\"button.default\">\n\t\t\t\t<div class=\"elementor-widget-container\">\n\t\t\t\t\t\t\t\t\t<div class=\"elementor-button-wrapper\">\n\t\t\t\t\t<a class=\"elementor-button elementor-button-link elementor-size-sm\" href=\"https:\/\/www.proarti.fr\/services\/projet-mecenat\/\">\n\t\t\t\t\t\t<span class=\"elementor-button-content-wrapper\">\n\t\t\t\t\t\t\t\t\t<span class=\"elementor-button-text\">Voir les autres projets<\/span>\n\t\t\t\t\t<\/span>\n\t\t\t\t\t<\/a>\n\t\t\t\t<\/div>\n\t\t\t\t\t\t\t\t<\/div>\n\t\t\t\t<\/div>\n\t\t\t\t\t<\/div>\n\t\t<\/div>\n\t\t\t\t\t<\/div>\n\t\t<\/section>\n\t\t\t\t<\/div>\n\t\t","protected":false},"excerpt":{"rendered":"<p>\u00ab Sait-on quels sont les sages et quels sont les fous, dans cette vie o\u00f9 la raison devrait souvent s&#8217;appeler<\/p>\n","protected":false},"author":34,"featured_media":0,"comment_status":"open","ping_status":"open","sticky":false,"template":"template-blank.php","format":"standard","meta":{"footnotes":""},"categories":[1],"tags":[101,103],"class_list":["post-6902","post","type-post","status-publish","format-standard","hentry","category-zmskyuza","tag-mecenat-2","tag-projet"],"yoast_head":"<!-- This site is optimized with the Yoast SEO plugin v26.8 - https:\/\/yoast.com\/product\/yoast-seo-wordpress\/ -->\n<title>Soyons fous - Proarti services<\/title>\n<meta name=\"description\" content=\"Apr\u00e8s avoir \u00e9t\u00e9 form\u00e9es par de grands talents du cin\u00e9ma, des personnes ayant des troubles psychiques se lancent dans une aventure rocambolesque : la r\u00e9alisation d\u2019un western.Au nord du Niger, le village de Tatiste, victime du r\u00e9chauffement climatique, se bat pour avoir acc\u00e8s \u00e0 l\u2019eau...\" \/>\n<meta name=\"robots\" content=\"index, follow, max-snippet:-1, max-image-preview:large, max-video-preview:-1\" \/>\n<link rel=\"canonical\" href=\"https:\/\/www.proarti.fr\/services\/soyons-fous\/\" \/>\n<meta property=\"og:locale\" content=\"en_US\" \/>\n<meta property=\"og:type\" content=\"article\" \/>\n<meta property=\"og:title\" content=\"Soyons fous - Proarti services\" \/>\n<meta property=\"og:description\" content=\"Apr\u00e8s avoir \u00e9t\u00e9 form\u00e9es par de grands talents du cin\u00e9ma, des personnes ayant des troubles psychiques se lancent dans une aventure rocambolesque : la r\u00e9alisation d\u2019un western.Au nord du Niger, le village de Tatiste, victime du r\u00e9chauffement climatique, se bat pour avoir acc\u00e8s \u00e0 l\u2019eau...\" \/>\n<meta property=\"og:url\" content=\"https:\/\/www.proarti.fr\/services\/soyons-fous\/\" \/>\n<meta property=\"og:site_name\" content=\"Proarti services\" \/>\n<meta property=\"article:published_time\" content=\"2022-09-08T15:57:17+00:00\" \/>\n<meta property=\"og:image\" content=\"https:\/\/www.proarti.fr\/services\/wp-content\/uploads\/2022\/03\/Soyons-fous.png\" \/>\n<meta name=\"author\" content=\"Matthieu Laval\" \/>\n<meta name=\"twitter:card\" content=\"summary_large_image\" \/>\n<meta name=\"twitter:label1\" content=\"Written by\" \/>\n\t<meta name=\"twitter:data1\" content=\"Matthieu Laval\" \/>\n\t<meta name=\"twitter:label2\" content=\"Est. reading time\" \/>\n\t<meta name=\"twitter:data2\" content=\"1 minute\" \/>\n<script type=\"application\/ld+json\" class=\"yoast-schema-graph\">{\"@context\":\"https:\/\/schema.org\",\"@graph\":[{\"@type\":\"Article\",\"@id\":\"https:\/\/www.proarti.fr\/services\/soyons-fous\/#article\",\"isPartOf\":{\"@id\":\"https:\/\/www.proarti.fr\/services\/soyons-fous\/\"},\"author\":{\"name\":\"Matthieu Laval\",\"@id\":\"https:\/\/www.proarti.fr\/services\/#\/schema\/person\/52b5d8fb593e04486a3d653f9c000d53\"},\"headline\":\"Soyons fous\",\"datePublished\":\"2022-09-08T15:57:17+00:00\",\"mainEntityOfPage\":{\"@id\":\"https:\/\/www.proarti.fr\/services\/soyons-fous\/\"},\"wordCount\":99,\"commentCount\":0,\"publisher\":{\"@id\":\"https:\/\/www.proarti.fr\/services\/#organization\"},\"image\":{\"@id\":\"https:\/\/www.proarti.fr\/services\/soyons-fous\/#primaryimage\"},\"thumbnailUrl\":\"https:\/\/www.proarti.fr\/services\/wp-content\/uploads\/2022\/03\/Soyons-fous.png\",\"keywords\":[\"m\u00e9c\u00e9nat\",\"projet\"],\"articleSection\":[\"ZMskyuza\"],\"inLanguage\":\"en-US\",\"potentialAction\":[{\"@type\":\"CommentAction\",\"name\":\"Comment\",\"target\":[\"https:\/\/www.proarti.fr\/services\/soyons-fous\/#respond\"]}]},{\"@type\":\"WebPage\",\"@id\":\"https:\/\/www.proarti.fr\/services\/soyons-fous\/\",\"url\":\"https:\/\/www.proarti.fr\/services\/soyons-fous\/\",\"name\":\"Soyons fous - Proarti services\",\"isPartOf\":{\"@id\":\"https:\/\/www.proarti.fr\/services\/#website\"},\"primaryImageOfPage\":{\"@id\":\"https:\/\/www.proarti.fr\/services\/soyons-fous\/#primaryimage\"},\"image\":{\"@id\":\"https:\/\/www.proarti.fr\/services\/soyons-fous\/#primaryimage\"},\"thumbnailUrl\":\"https:\/\/www.proarti.fr\/services\/wp-content\/uploads\/2022\/03\/Soyons-fous.png\",\"datePublished\":\"2022-09-08T15:57:17+00:00\",\"description\":\"Apr\u00e8s avoir \u00e9t\u00e9 form\u00e9es par de grands talents du cin\u00e9ma, des personnes ayant des troubles psychiques se lancent dans une aventure rocambolesque : la r\u00e9alisation d\u2019un western.Au nord du Niger, le village de Tatiste, victime du r\u00e9chauffement climatique, se bat pour avoir acc\u00e8s \u00e0 l\u2019eau...\",\"breadcrumb\":{\"@id\":\"https:\/\/www.proarti.fr\/services\/soyons-fous\/#breadcrumb\"},\"inLanguage\":\"en-US\",\"potentialAction\":[{\"@type\":\"ReadAction\",\"target\":[\"https:\/\/www.proarti.fr\/services\/soyons-fous\/\"]}]},{\"@type\":\"ImageObject\",\"inLanguage\":\"en-US\",\"@id\":\"https:\/\/www.proarti.fr\/services\/soyons-fous\/#primaryimage\",\"url\":\"https:\/\/www.proarti.fr\/services\/wp-content\/uploads\/2022\/03\/Soyons-fous.png\",\"contentUrl\":\"https:\/\/www.proarti.fr\/services\/wp-content\/uploads\/2022\/03\/Soyons-fous.png\"},{\"@type\":\"BreadcrumbList\",\"@id\":\"https:\/\/www.proarti.fr\/services\/soyons-fous\/#breadcrumb\",\"itemListElement\":[{\"@type\":\"ListItem\",\"position\":1,\"name\":\"Accueil\",\"item\":\"https:\/\/www.proarti.fr\/services\/accueil-service-nouveau\/\"},{\"@type\":\"ListItem\",\"position\":2,\"name\":\"Soyons fous\"}]},{\"@type\":\"WebSite\",\"@id\":\"https:\/\/www.proarti.fr\/services\/#website\",\"url\":\"https:\/\/www.proarti.fr\/services\/\",\"name\":\"Proarti services\",\"description\":\"Plateforme d&#039;apprentissage destin\u00e9e au monde de la culture\",\"publisher\":{\"@id\":\"https:\/\/www.proarti.fr\/services\/#organization\"},\"potentialAction\":[{\"@type\":\"SearchAction\",\"target\":{\"@type\":\"EntryPoint\",\"urlTemplate\":\"https:\/\/www.proarti.fr\/services\/?s={search_term_string}\"},\"query-input\":{\"@type\":\"PropertyValueSpecification\",\"valueRequired\":true,\"valueName\":\"search_term_string\"}}],\"inLanguage\":\"en-US\"},{\"@type\":\"Organization\",\"@id\":\"https:\/\/www.proarti.fr\/services\/#organization\",\"name\":\"Proarti services\",\"url\":\"https:\/\/www.proarti.fr\/services\/\",\"logo\":{\"@type\":\"ImageObject\",\"inLanguage\":\"en-US\",\"@id\":\"https:\/\/www.proarti.fr\/services\/#\/schema\/logo\/image\/\",\"url\":\"https:\/\/www.proarti.fr\/services\/wp-content\/uploads\/2022\/08\/cropped-cropped-Logoproarti-small.png\",\"contentUrl\":\"https:\/\/www.proarti.fr\/services\/wp-content\/uploads\/2022\/08\/cropped-cropped-Logoproarti-small.png\",\"width\":200,\"height\":100,\"caption\":\"Proarti services\"},\"image\":{\"@id\":\"https:\/\/www.proarti.fr\/services\/#\/schema\/logo\/image\/\"}},{\"@type\":\"Person\",\"@id\":\"https:\/\/www.proarti.fr\/services\/#\/schema\/person\/52b5d8fb593e04486a3d653f9c000d53\",\"name\":\"Matthieu Laval\",\"image\":{\"@type\":\"ImageObject\",\"inLanguage\":\"en-US\",\"@id\":\"https:\/\/www.proarti.fr\/services\/#\/schema\/person\/image\/\",\"url\":\"https:\/\/secure.gravatar.com\/avatar\/be69d62fccf6e5dfbbe62edf671953eaa1a6b01127d2adf7f1867e3bf9ca8c5b?s=96&d=mm&r=g\",\"contentUrl\":\"https:\/\/secure.gravatar.com\/avatar\/be69d62fccf6e5dfbbe62edf671953eaa1a6b01127d2adf7f1867e3bf9ca8c5b?s=96&d=mm&r=g\",\"caption\":\"Matthieu Laval\"},\"url\":\"https:\/\/www.proarti.fr\/services\/author\/matlaval\/\"}]}<\/script>\n<!-- \/ Yoast SEO plugin. -->","yoast_head_json":{"title":"Soyons fous - Proarti services","description":"Apr\u00e8s avoir \u00e9t\u00e9 form\u00e9es par de grands talents du cin\u00e9ma, des personnes ayant des troubles psychiques se lancent dans une aventure rocambolesque : la r\u00e9alisation d\u2019un western.Au nord du Niger, le village de Tatiste, victime du r\u00e9chauffement climatique, se bat pour avoir acc\u00e8s \u00e0 l\u2019eau...","robots":{"index":"index","follow":"follow","max-snippet":"max-snippet:-1","max-image-preview":"max-image-preview:large","max-video-preview":"max-video-preview:-1"},"canonical":"https:\/\/www.proarti.fr\/services\/soyons-fous\/","og_locale":"en_US","og_type":"article","og_title":"Soyons fous - Proarti services","og_description":"Apr\u00e8s avoir \u00e9t\u00e9 form\u00e9es par de grands talents du cin\u00e9ma, des personnes ayant des troubles psychiques se lancent dans une aventure rocambolesque : la r\u00e9alisation d\u2019un western.Au nord du Niger, le village de Tatiste, victime du r\u00e9chauffement climatique, se bat pour avoir acc\u00e8s \u00e0 l\u2019eau...","og_url":"https:\/\/www.proarti.fr\/services\/soyons-fous\/","og_site_name":"Proarti services","article_published_time":"2022-09-08T15:57:17+00:00","og_image":[{"url":"https:\/\/www.proarti.fr\/services\/wp-content\/uploads\/2022\/03\/Soyons-fous.png","type":"","width":"","height":""}],"author":"Matthieu Laval","twitter_card":"summary_large_image","twitter_misc":{"Written by":"Matthieu Laval","Est. reading time":"1 minute"},"schema":{"@context":"https:\/\/schema.org","@graph":[{"@type":"Article","@id":"https:\/\/www.proarti.fr\/services\/soyons-fous\/#article","isPartOf":{"@id":"https:\/\/www.proarti.fr\/services\/soyons-fous\/"},"author":{"name":"Matthieu Laval","@id":"https:\/\/www.proarti.fr\/services\/#\/schema\/person\/52b5d8fb593e04486a3d653f9c000d53"},"headline":"Soyons fous","datePublished":"2022-09-08T15:57:17+00:00","mainEntityOfPage":{"@id":"https:\/\/www.proarti.fr\/services\/soyons-fous\/"},"wordCount":99,"commentCount":0,"publisher":{"@id":"https:\/\/www.proarti.fr\/services\/#organization"},"image":{"@id":"https:\/\/www.proarti.fr\/services\/soyons-fous\/#primaryimage"},"thumbnailUrl":"https:\/\/www.proarti.fr\/services\/wp-content\/uploads\/2022\/03\/Soyons-fous.png","keywords":["m\u00e9c\u00e9nat","projet"],"articleSection":["ZMskyuza"],"inLanguage":"en-US","potentialAction":[{"@type":"CommentAction","name":"Comment","target":["https:\/\/www.proarti.fr\/services\/soyons-fous\/#respond"]}]},{"@type":"WebPage","@id":"https:\/\/www.proarti.fr\/services\/soyons-fous\/","url":"https:\/\/www.proarti.fr\/services\/soyons-fous\/","name":"Soyons fous - Proarti services","isPartOf":{"@id":"https:\/\/www.proarti.fr\/services\/#website"},"primaryImageOfPage":{"@id":"https:\/\/www.proarti.fr\/services\/soyons-fous\/#primaryimage"},"image":{"@id":"https:\/\/www.proarti.fr\/services\/soyons-fous\/#primaryimage"},"thumbnailUrl":"https:\/\/www.proarti.fr\/services\/wp-content\/uploads\/2022\/03\/Soyons-fous.png","datePublished":"2022-09-08T15:57:17+00:00","description":"Apr\u00e8s avoir \u00e9t\u00e9 form\u00e9es par de grands talents du cin\u00e9ma, des personnes ayant des troubles psychiques se lancent dans une aventure rocambolesque : la r\u00e9alisation d\u2019un western.Au nord du Niger, le village de Tatiste, victime du r\u00e9chauffement climatique, se bat pour avoir acc\u00e8s \u00e0 l\u2019eau...","breadcrumb":{"@id":"https:\/\/www.proarti.fr\/services\/soyons-fous\/#breadcrumb"},"inLanguage":"en-US","potentialAction":[{"@type":"ReadAction","target":["https:\/\/www.proarti.fr\/services\/soyons-fous\/"]}]},{"@type":"ImageObject","inLanguage":"en-US","@id":"https:\/\/www.proarti.fr\/services\/soyons-fous\/#primaryimage","url":"https:\/\/www.proarti.fr\/services\/wp-content\/uploads\/2022\/03\/Soyons-fous.png","contentUrl":"https:\/\/www.proarti.fr\/services\/wp-content\/uploads\/2022\/03\/Soyons-fous.png"},{"@type":"BreadcrumbList","@id":"https:\/\/www.proarti.fr\/services\/soyons-fous\/#breadcrumb","itemListElement":[{"@type":"ListItem","position":1,"name":"Accueil","item":"https:\/\/www.proarti.fr\/services\/accueil-service-nouveau\/"},{"@type":"ListItem","position":2,"name":"Soyons fous"}]},{"@type":"WebSite","@id":"https:\/\/www.proarti.fr\/services\/#website","url":"https:\/\/www.proarti.fr\/services\/","name":"Proarti services","description":"Plateforme d&#039;apprentissage destin\u00e9e au monde de la culture","publisher":{"@id":"https:\/\/www.proarti.fr\/services\/#organization"},"potentialAction":[{"@type":"SearchAction","target":{"@type":"EntryPoint","urlTemplate":"https:\/\/www.proarti.fr\/services\/?s={search_term_string}"},"query-input":{"@type":"PropertyValueSpecification","valueRequired":true,"valueName":"search_term_string"}}],"inLanguage":"en-US"},{"@type":"Organization","@id":"https:\/\/www.proarti.fr\/services\/#organization","name":"Proarti services","url":"https:\/\/www.proarti.fr\/services\/","logo":{"@type":"ImageObject","inLanguage":"en-US","@id":"https:\/\/www.proarti.fr\/services\/#\/schema\/logo\/image\/","url":"https:\/\/www.proarti.fr\/services\/wp-content\/uploads\/2022\/08\/cropped-cropped-Logoproarti-small.png","contentUrl":"https:\/\/www.proarti.fr\/services\/wp-content\/uploads\/2022\/08\/cropped-cropped-Logoproarti-small.png","width":200,"height":100,"caption":"Proarti services"},"image":{"@id":"https:\/\/www.proarti.fr\/services\/#\/schema\/logo\/image\/"}},{"@type":"Person","@id":"https:\/\/www.proarti.fr\/services\/#\/schema\/person\/52b5d8fb593e04486a3d653f9c000d53","name":"Matthieu Laval","image":{"@type":"ImageObject","inLanguage":"en-US","@id":"https:\/\/www.proarti.fr\/services\/#\/schema\/person\/image\/","url":"https:\/\/secure.gravatar.com\/avatar\/be69d62fccf6e5dfbbe62edf671953eaa1a6b01127d2adf7f1867e3bf9ca8c5b?s=96&d=mm&r=g","contentUrl":"https:\/\/secure.gravatar.com\/avatar\/be69d62fccf6e5dfbbe62edf671953eaa1a6b01127d2adf7f1867e3bf9ca8c5b?s=96&d=mm&r=g","caption":"Matthieu Laval"},"url":"https:\/\/www.proarti.fr\/services\/author\/matlaval\/"}]}},"_links":{"self":[{"href":"https:\/\/www.proarti.fr\/services\/wp-json\/wp\/v2\/posts\/6902","targetHints":{"allow":["GET"]}}],"collection":[{"href":"https:\/\/www.proarti.fr\/services\/wp-json\/wp\/v2\/posts"}],"about":[{"href":"https:\/\/www.proarti.fr\/services\/wp-json\/wp\/v2\/types\/post"}],"author":[{"embeddable":true,"href":"https:\/\/www.proarti.fr\/services\/wp-json\/wp\/v2\/users\/34"}],"replies":[{"embeddable":true,"href":"https:\/\/www.proarti.fr\/services\/wp-json\/wp\/v2\/comments?post=6902"}],"version-history":[{"count":0,"href":"https:\/\/www.proarti.fr\/services\/wp-json\/wp\/v2\/posts\/6902\/revisions"}],"wp:attachment":[{"href":"https:\/\/www.proarti.fr\/services\/wp-json\/wp\/v2\/media?parent=6902"}],"wp:term":[{"taxonomy":"category","embeddable":true,"href":"https:\/\/www.proarti.fr\/services\/wp-json\/wp\/v2\/categories?post=6902"},{"taxonomy":"post_tag","embeddable":true,"href":"https:\/\/www.proarti.fr\/services\/wp-json\/wp\/v2\/tags?post=6902"}],"curies":[{"name":"wp","href":"https:\/\/api.w.org\/{rel}","templated":true}]}}